{"id":379,"date":"2024-11-08T16:04:17","date_gmt":"2024-11-08T16:04:17","guid":{"rendered":"https:\/\/www.carolinadesign.ro\/blog\/?p=379"},"modified":"2024-11-28T16:21:13","modified_gmt":"2024-11-28T16:21:13","slug":"care-sunt-calitatile-blanii-de-zibelina-si-de-ce-este-atat-de-scumpa","status":"publish","type":"post","link":"https:\/\/www.carolinadesign.ro\/blog\/care-sunt-calitatile-blanii-de-zibelina-si-de-ce-este-atat-de-scumpa","title":{"rendered":"Care sunt calit\u0103\u021bile bl\u0103nii de zibelin\u0103 \u0219i de ce este at\u00e2t de scump\u0103"},"content":{"rendered":"\n<p>Blana de zibelin\u0103 reprezint\u0103 defini\u021bia luxului. Textura sa moale \u0219i catifelat\u0103 \u00ee\u021bi ofer\u0103 o experien\u021b\u0103 unic\u0103, \u00een timp ce fiecare fir de blan\u0103 spune o poveste despre elegan\u021b\u0103, m\u0103iestrie \u0219i rafinament. Este un material \u00eenc\u0103rcat de istorie, care \u00eentruchipeaz\u0103 un standard de neegalat \u00een lumea modei.<\/p>\n\n\n\n<p>Aceast\u0103 c\u0103l\u0103torie \u00eencepe \u00een p\u0103durile \u00eendep\u0103rtate, habitatul natural al zibelinei. Aici, \u00een s\u0103lb\u0103ticia lini\u0219tit\u0103, descoperim un simbol al luxului, adorat de regalitate \u0219i exper\u021bi \u00een mod\u0103 de-a lungul timpului. Vom explora de unde provine aceast\u0103 blan\u0103 pre\u021bioas\u0103 \u0219i cum ajunge s\u0103 devin\u0103 o pies\u0103 iconic\u0103 \u00een lumea modei.<\/p>\n\n\n\n<p>De la selectarea celor mai fine bl\u0103nuri p\u00e2n\u0103 la procesul minu\u021bios de realizare a fiec\u0103rei piese, fiecare etap\u0103 este la fel de complex\u0103 precum materialul \u00een sine. <a href=\"https:\/\/www.carolinadesign.ro\/blana-de-samur-zibelina\">Hainele de zibelin\u0103<\/a> nu sunt doar accesorii; sunt adev\u0103rate comori, transmise din genera\u021bie \u00een genera\u021bie, fiecare cu propria poveste.<\/p>\n\n\n\n<h2 class=\"wp-block-heading\">Zibelina, artizanul des\u0103v\u00e2r\u0219it al naturii<\/h2>\n\n\n\n<p>Zibelina este un animal mic \u0219i agil, ascuns \u00een p\u0103durile dense din Rusia \u0219i Asia. Blana sa, renumit\u0103 pentru fine\u021bea \u0219i c\u0103ldura unic\u0103, este o adev\u0103rat\u0103 capodoper\u0103 a regnului animal. Totu\u0219i, aceste animale sunt mai mult dec\u00e2t o surs\u0103 de blan\u0103.<\/p>\n\n\n\n<p>Parte a familiei nev\u0103stuicilor, zibelina se adapteaz\u0103 excelent la mediile reci. Blana sa maro intens devine \u0219i mai deas\u0103 pe timpul iernii, ajut\u00e2nd animalul s\u0103 supravie\u021buiasc\u0103 \u00een condi\u021bii dure. Acest proces natural adaug\u0103 valoare bl\u0103nii sale, f\u0103c\u00e2nd-o \u0219i mai pre\u021bioas\u0103.<\/p>\n\n\n\n<p>Zibelinele tr\u0103iesc \u00een diverse tipuri de p\u0103duri, de la cele de conifere p\u00e2n\u0103 la zone mixte cu arbori \u0219i arbu\u0219ti, prefer\u00e2nd locuri bogate \u00een vegeta\u021bie \u0219i apropiate de surse de ap\u0103. Sunt animale solitare, care \u00ee\u0219i marcheaz\u0103 \u0219i patruleaz\u0103 teritoriile, fiind active \u00een principal pe timpul nop\u021bii.<\/p>\n\n\n\n<p>\u00cen\u021belegerea vie\u021bii zibelinei ne ajut\u0103 s\u0103 apreciem valoarea bl\u0103nii sale. Fiecare piele reflect\u0103 povestea unui animal care a traversat anotimpurile \u0219i provoc\u0103rile naturii, transform\u00e2ndu-se \u00een piese vestimentare de o elegan\u021b\u0103 f\u0103r\u0103 egal.<\/p>\n\n\n\n<h2 class=\"wp-block-heading\">Cum se ob\u021bine blana de zibelin\u0103<\/h2>\n\n\n\n<p>Ast\u0103zi, majoritatea bl\u0103nurilor de zibelin\u0103 provin din Rusia, lider mondial \u00een produc\u021bia acestor piei pre\u021bioase. Regiunea Barguzin, \u00een special, este renumit\u0103 pentru zibelinele de calitate superioar\u0103. Blana \u201eBarguzinsky sable\u201d este extrem de c\u0103utat\u0103 datorit\u0103 calit\u0103\u021bii sale excep\u021bionale \u0219i a reputa\u021biei de neegalat \u00een industria luxului.<\/p>\n\n\n\n<p>Peste 90.000 de piei de zibelin\u0103 sunt recoltate anual \u00een Rusia, iar mai mult de 85% din aceast\u0103 produc\u021bie este exportat\u0103 pe pie\u021bele interna\u021bionale. Hainele din blan\u0103 de zibelin\u0103 ruseasc\u0103 sunt apreciate pe toate continentele, fiind considerate un simbol al luxului \u0219i rafinamentului.<\/p>\n\n\n\n<p>Acest traseu, de la p\u0103durile Barguzin p\u00e2n\u0103 la podiumurile de mod\u0103, este o poveste despre tradi\u021bie, pricepere \u0219i respect pentru un material cu adev\u0103rat remarcabil.<\/p>\n\n\n\n<h2 class=\"wp-block-heading\">Calit\u0103\u021bile unice ale bl\u0103nii de zibelin\u0103<\/h2>\n\n\n\n<p>Blana de zibelin\u0103 este considerat\u0103 un standard al luxului \u00een industria modei. Printre tr\u0103s\u0103turile sale remarcabile se num\u0103r\u0103:<\/p>\n\n\n\n<p>\u27a1\ufe0fCuloarea variat\u0103 \u0219i intens\u0103: Blana de zibelin\u0103 variaz\u0103 de la un maro delicat, asem\u0103n\u0103tor mierii, p\u00e2n\u0103 la un maro \u00eenchis profund. Cu c\u00e2t culoarea este mai \u00eentunecat\u0103, cu at\u00e2t pielea este mai valoroas\u0103, ceea ce adaug\u0103 exclusivitate \u0219i atrac\u021bie materialului.<\/p>\n\n\n\n<p>\u27a1\ufe0fFine\u021bea de neegalat: Textura incredibil de moale a bl\u0103nii de zibelin\u0103 ofer\u0103 o senza\u021bie de opulen\u021b\u0103. \u00cen acela\u0219i timp, este dens\u0103, dar u\u0219oar\u0103, asigur\u00e2nd c\u0103ldur\u0103 f\u0103r\u0103 volum excesiv.<\/p>\n\n\n\n<p>\u27a1\ufe0fDurabilitatea: De\u0219i pare delicat\u0103, blana de zibelin\u0103 este extrem de rezistent\u0103, men\u021bin\u00e2ndu-\u0219i frumuse\u021bea ani de zile. Acest lucru o transform\u0103 \u00eentr-o investi\u021bie atemporal\u0103, care poate fi transmis\u0103 din genera\u021bie \u00een genera\u021bie.<\/p>\n\n\n\n<p>Aceste calit\u0103\u021bi fac din blana de zibelin\u0103 o alegere preferat\u0103 de designeri \u0219i iubitorii de lux.<\/p>\n\n\n\n<h2 class=\"wp-block-heading\">Particularit\u0103\u021bile argintii ale bl\u0103nii de zibelin\u0103<\/h2>\n\n\n\n<p>Blana de zibelin\u0103 de culoare \u00eenchis\u0103 este deosebit\u0103 datorit\u0103 firelor argintii care apar pe m\u0103sur\u0103 ce blana devine mai \u00eentunecat\u0103. Aceste fire creeaz\u0103 un efect vizual spectaculos, sporind frumuse\u021bea \u0219i valoarea materialului.<\/p>\n\n\n\n<p>Exist\u0103 o clasificare special\u0103 pentru bl\u0103nurile cu fire argintii, de la Silvery 1 (cel mai pu\u021bin argintiu) p\u00e2n\u0103 la Silvery 5 (cel mai argintiu). Cu c\u00e2t sunt mai multe fire argintii, cu at\u00e2t blana este mai rar\u0103 \u0219i mai scump\u0103. Aceast\u0103 caracteristic\u0103 unic\u0103 face ca blana de zibelin\u0103 argintie s\u0103 fie extrem de apreciat\u0103.<\/p>\n\n\n\n<h2 class=\"wp-block-heading\">Tehnici de procesare a bl\u0103nurilor de zibelin\u0103<\/h2>\n\n\n\n<p>Bl\u0103nurile de zibelin\u0103 sunt prelucrate prin trei metode principale pentru a crea piese vestimentare:<\/p>\n\n\n\n<p>\u27a1\ufe0fT\u0103ierea \u00een jum\u0103tate: Pieile sunt t\u0103iate vertical, apoi aranjate pe hain\u0103 \u00een modele orizontale sau diagonale, cre\u00e2nd efectul \u201echevron\u201d.<\/p>\n\n\n\n<p>\u27a1\ufe0fPiele \u00eentreag\u0103 vertical: Pieile sunt a\u0219ezate vertical, oferind o siluet\u0103 lung\u0103 \u0219i elegant\u0103.<\/p>\n\n\n\n<p>\u27a1\ufe0fPiele \u00eentreag\u0103 orizontal: Pieile sunt dispuse orizontal, conferind un stil distinct \u0219i o fluiditate aparte hainelor.<\/p>\n\n\n\n<p>Adesea, aceste tehnici sunt combinate \u00eentr-un singur design. De exemplu, corpul hainei poate fi realizat din piei verticale, iar m\u00e2necile din piei orizontale.<\/p>\n\n\n\n<h2 class=\"wp-block-heading\">Concluzii despre blana de zibelin\u0103<\/h2>\n\n\n\n<p>Acum c\u0103 ai aflat despre calit\u0103\u021bile unice ale bl\u0103nii de zibelin\u0103 \u0219i despre tehnicile de prelucrare, e\u0219ti preg\u0103tit s\u0103 apreciezi pe deplin acest material excep\u021bional. Dac\u0103 ai \u00eentreb\u0103ri sau dore\u0219ti s\u0103 achizi\u021bionezi o hain\u0103 unic\u0103 din blan\u0103 de zibelin\u0103, <a href=\"https:\/\/www.carolinadesign.ro\/haine-din-blana-naturala-femei\">magazinul nostru online<\/a> te a\u0219teapt\u0103.&nbsp;<\/p>\n\n\n\n<p>Haina ta de vis, creat\u0103 din blan\u0103 de zibelin\u0103, este la doar un pas distan\u021b\u0103!<\/p>\n","protected":false},"excerpt":{"rendered":"<p>Blana de zibelin\u0103 reprezint\u0103 defini\u021bia luxului. Textura sa moale \u0219i catifelat\u0103 \u00ee\u021bi ofer\u0103 o experien\u021b\u0103 unic\u0103, \u00een timp ce fiecare fir de blan\u0103 spune o poveste despre elegan\u021b\u0103, m\u0103iestrie \u0219i rafinament. Este un material \u00eenc\u0103rcat de istorie, care \u00eentruchipeaz\u0103 un standard de neegalat \u00een lumea modei. Aceast\u0103 c\u0103l\u0103torie \u00eencepe \u00een p\u0103durile \u00eendep\u0103rtate, habitatul natural al zibelinei. Aici, \u00een s\u0103lb\u0103ticia lini\u0219tit\u0103, &hellip; <\/p>\n","protected":false},"author":1,"featured_media":380,"comment_status":"closed","ping_status":"closed","sticky":false,"template":"","format":"standard","meta":{"footnotes":""},"categories":[1],"tags":[],"class_list":["post-379","post","type-post","status-publish","format-standard","has-post-thumbnail","hentry","category-fara-categorie"],"yoast_head":"<!-- This site is optimized with the Yoast SEO plugin v24.9 - https:\/\/yoast.com\/wordpress\/plugins\/seo\/ -->\n<title>Care sunt calit\u0103\u021bile bl\u0103nii de zibelin\u0103 \u0219i de ce este at\u00e2t de scump\u0103 - Carolina Design - blog<\/title>\n<meta name=\"robots\" content=\"index, follow, max-snippet:-1, max-image-preview:large, max-video-preview:-1\" \/>\n<link rel=\"canonical\" href=\"https:\/\/www.carolinadesign.ro\/blog\/care-sunt-calitatile-blanii-de-zibelina-si-de-ce-este-atat-de-scumpa\" \/>\n<meta property=\"og:locale\" content=\"ro_RO\" \/>\n<meta property=\"og:type\" content=\"article\" \/>\n<meta property=\"og:title\" content=\"Care sunt calit\u0103\u021bile bl\u0103nii de zibelin\u0103 \u0219i de ce este at\u00e2t de scump\u0103 - Carolina Design - blog\" \/>\n<meta property=\"og:description\" content=\"Blana de zibelin\u0103 reprezint\u0103 defini\u021bia luxului. Textura sa moale \u0219i catifelat\u0103 \u00ee\u021bi ofer\u0103 o experien\u021b\u0103 unic\u0103, \u00een timp ce fiecare fir de blan\u0103 spune o poveste despre elegan\u021b\u0103, m\u0103iestrie \u0219i rafinament. Este un material \u00eenc\u0103rcat de istorie, care \u00eentruchipeaz\u0103 un standard de neegalat \u00een lumea modei. Aceast\u0103 c\u0103l\u0103torie \u00eencepe \u00een p\u0103durile \u00eendep\u0103rtate, habitatul natural al zibelinei. Aici, \u00een s\u0103lb\u0103ticia lini\u0219tit\u0103, &hellip;\" \/>\n<meta property=\"og:url\" content=\"https:\/\/www.carolinadesign.ro\/blog\/care-sunt-calitatile-blanii-de-zibelina-si-de-ce-este-atat-de-scumpa\" \/>\n<meta property=\"og:site_name\" content=\"Carolina Design - blog\" \/>\n<meta property=\"article:published_time\" content=\"2024-11-08T16:04:17+00:00\" \/>\n<meta property=\"article:modified_time\" content=\"2024-11-28T16:21:13+00:00\" \/>\n<meta property=\"og:image\" content=\"https:\/\/www.carolinadesign.ro\/blog\/wp-content\/uploads\/2024\/11\/de-ce-blana-de-zibelina-este-scumpa.png\" \/>\n\t<meta property=\"og:image:width\" content=\"2240\" \/>\n\t<meta property=\"og:image:height\" content=\"1260\" \/>\n\t<meta property=\"og:image:type\" content=\"image\/png\" \/>\n<meta name=\"author\" content=\"admin\" \/>\n<meta name=\"twitter:card\" content=\"summary_large_image\" \/>\n<meta name=\"twitter:label1\" content=\"Scris de\" \/>\n\t<meta name=\"twitter:data1\" content=\"admin\" \/>\n\t<meta name=\"twitter:label2\" content=\"Timp estimat pentru citire\" \/>\n\t<meta name=\"twitter:data2\" content=\"5 minute\" \/>\n<script type=\"application\/ld+json\" class=\"yoast-schema-graph\">{\"@context\":\"https:\/\/schema.org\",\"@graph\":[{\"@type\":\"WebPage\",\"@id\":\"https:\/\/www.carolinadesign.ro\/blog\/care-sunt-calitatile-blanii-de-zibelina-si-de-ce-este-atat-de-scumpa\",\"url\":\"https:\/\/www.carolinadesign.ro\/blog\/care-sunt-calitatile-blanii-de-zibelina-si-de-ce-este-atat-de-scumpa\",\"name\":\"Care sunt calit\u0103\u021bile bl\u0103nii de zibelin\u0103 \u0219i de ce este at\u00e2t de scump\u0103 - Carolina Design - blog\",\"isPartOf\":{\"@id\":\"https:\/\/www.carolinadesign.ro\/blog\/#website\"},\"primaryImageOfPage\":{\"@id\":\"https:\/\/www.carolinadesign.ro\/blog\/care-sunt-calitatile-blanii-de-zibelina-si-de-ce-este-atat-de-scumpa#primaryimage\"},\"image\":{\"@id\":\"https:\/\/www.carolinadesign.ro\/blog\/care-sunt-calitatile-blanii-de-zibelina-si-de-ce-este-atat-de-scumpa#primaryimage\"},\"thumbnailUrl\":\"https:\/\/www.carolinadesign.ro\/blog\/wp-content\/uploads\/2024\/11\/de-ce-blana-de-zibelina-este-scumpa.png\",\"datePublished\":\"2024-11-08T16:04:17+00:00\",\"dateModified\":\"2024-11-28T16:21:13+00:00\",\"author\":{\"@id\":\"https:\/\/www.carolinadesign.ro\/blog\/#\/schema\/person\/635e2776fb5ba3fec6dd1f3affb70128\"},\"breadcrumb\":{\"@id\":\"https:\/\/www.carolinadesign.ro\/blog\/care-sunt-calitatile-blanii-de-zibelina-si-de-ce-este-atat-de-scumpa#breadcrumb\"},\"inLanguage\":\"ro-RO\",\"potentialAction\":[{\"@type\":\"ReadAction\",\"target\":[\"https:\/\/www.carolinadesign.ro\/blog\/care-sunt-calitatile-blanii-de-zibelina-si-de-ce-este-atat-de-scumpa\"]}]},{\"@type\":\"ImageObject\",\"inLanguage\":\"ro-RO\",\"@id\":\"https:\/\/www.carolinadesign.ro\/blog\/care-sunt-calitatile-blanii-de-zibelina-si-de-ce-este-atat-de-scumpa#primaryimage\",\"url\":\"https:\/\/www.carolinadesign.ro\/blog\/wp-content\/uploads\/2024\/11\/de-ce-blana-de-zibelina-este-scumpa.png\",\"contentUrl\":\"https:\/\/www.carolinadesign.ro\/blog\/wp-content\/uploads\/2024\/11\/de-ce-blana-de-zibelina-este-scumpa.png\",\"width\":2240,\"height\":1260},{\"@type\":\"BreadcrumbList\",\"@id\":\"https:\/\/www.carolinadesign.ro\/blog\/care-sunt-calitatile-blanii-de-zibelina-si-de-ce-este-atat-de-scumpa#breadcrumb\",\"itemListElement\":[{\"@type\":\"ListItem\",\"position\":1,\"name\":\"Prima pagin\u0103\",\"item\":\"https:\/\/www.carolinadesign.ro\/blog\/\"},{\"@type\":\"ListItem\",\"position\":2,\"name\":\"Care sunt calit\u0103\u021bile bl\u0103nii de zibelin\u0103 \u0219i de ce este at\u00e2t de scump\u0103\"}]},{\"@type\":\"WebSite\",\"@id\":\"https:\/\/www.carolinadesign.ro\/blog\/#website\",\"url\":\"https:\/\/www.carolinadesign.ro\/blog\/\",\"name\":\"Carolina Design - blog\",\"description\":\"Blog despre haine de blana si piele naturala\",\"potentialAction\":[{\"@type\":\"SearchAction\",\"target\":{\"@type\":\"EntryPoint\",\"urlTemplate\":\"https:\/\/www.carolinadesign.ro\/blog\/?s={search_term_string}\"},\"query-input\":{\"@type\":\"PropertyValueSpecification\",\"valueRequired\":true,\"valueName\":\"search_term_string\"}}],\"inLanguage\":\"ro-RO\"},{\"@type\":\"Person\",\"@id\":\"https:\/\/www.carolinadesign.ro\/blog\/#\/schema\/person\/635e2776fb5ba3fec6dd1f3affb70128\",\"name\":\"admin\",\"image\":{\"@type\":\"ImageObject\",\"inLanguage\":\"ro-RO\",\"@id\":\"https:\/\/www.carolinadesign.ro\/blog\/#\/schema\/person\/image\/\",\"url\":\"https:\/\/www.carolinadesign.ro\/blog\/wp-content\/litespeed\/avatar\/b16314272a6fa66e3a6bbbaf6af08447.jpg?ver=1777458688\",\"contentUrl\":\"https:\/\/www.carolinadesign.ro\/blog\/wp-content\/litespeed\/avatar\/b16314272a6fa66e3a6bbbaf6af08447.jpg?ver=1777458688\",\"caption\":\"admin\"},\"sameAs\":[\"https:\/\/www.carolinadesign.ro\/blog\"],\"url\":\"https:\/\/www.carolinadesign.ro\/blog\/author\/admin\"}]}<\/script>\n<!-- \/ Yoast SEO plugin. -->","yoast_head_json":{"title":"Care sunt calit\u0103\u021bile bl\u0103nii de zibelin\u0103 \u0219i de ce este at\u00e2t de scump\u0103 - Carolina Design - blog","robots":{"index":"index","follow":"follow","max-snippet":"max-snippet:-1","max-image-preview":"max-image-preview:large","max-video-preview":"max-video-preview:-1"},"canonical":"https:\/\/www.carolinadesign.ro\/blog\/care-sunt-calitatile-blanii-de-zibelina-si-de-ce-este-atat-de-scumpa","og_locale":"ro_RO","og_type":"article","og_title":"Care sunt calit\u0103\u021bile bl\u0103nii de zibelin\u0103 \u0219i de ce este at\u00e2t de scump\u0103 - Carolina Design - blog","og_description":"Blana de zibelin\u0103 reprezint\u0103 defini\u021bia luxului. Textura sa moale \u0219i catifelat\u0103 \u00ee\u021bi ofer\u0103 o experien\u021b\u0103 unic\u0103, \u00een timp ce fiecare fir de blan\u0103 spune o poveste despre elegan\u021b\u0103, m\u0103iestrie \u0219i rafinament. Este un material \u00eenc\u0103rcat de istorie, care \u00eentruchipeaz\u0103 un standard de neegalat \u00een lumea modei. Aceast\u0103 c\u0103l\u0103torie \u00eencepe \u00een p\u0103durile \u00eendep\u0103rtate, habitatul natural al zibelinei. Aici, \u00een s\u0103lb\u0103ticia lini\u0219tit\u0103, &hellip;","og_url":"https:\/\/www.carolinadesign.ro\/blog\/care-sunt-calitatile-blanii-de-zibelina-si-de-ce-este-atat-de-scumpa","og_site_name":"Carolina Design - blog","article_published_time":"2024-11-08T16:04:17+00:00","article_modified_time":"2024-11-28T16:21:13+00:00","og_image":[{"width":2240,"height":1260,"url":"https:\/\/www.carolinadesign.ro\/blog\/wp-content\/uploads\/2024\/11\/de-ce-blana-de-zibelina-este-scumpa.png","type":"image\/png"}],"author":"admin","twitter_card":"summary_large_image","twitter_misc":{"Scris de":"admin","Timp estimat pentru citire":"5 minute"},"schema":{"@context":"https:\/\/schema.org","@graph":[{"@type":"WebPage","@id":"https:\/\/www.carolinadesign.ro\/blog\/care-sunt-calitatile-blanii-de-zibelina-si-de-ce-este-atat-de-scumpa","url":"https:\/\/www.carolinadesign.ro\/blog\/care-sunt-calitatile-blanii-de-zibelina-si-de-ce-este-atat-de-scumpa","name":"Care sunt calit\u0103\u021bile bl\u0103nii de zibelin\u0103 \u0219i de ce este at\u00e2t de scump\u0103 - Carolina Design - blog","isPartOf":{"@id":"https:\/\/www.carolinadesign.ro\/blog\/#website"},"primaryImageOfPage":{"@id":"https:\/\/www.carolinadesign.ro\/blog\/care-sunt-calitatile-blanii-de-zibelina-si-de-ce-este-atat-de-scumpa#primaryimage"},"image":{"@id":"https:\/\/www.carolinadesign.ro\/blog\/care-sunt-calitatile-blanii-de-zibelina-si-de-ce-este-atat-de-scumpa#primaryimage"},"thumbnailUrl":"https:\/\/www.carolinadesign.ro\/blog\/wp-content\/uploads\/2024\/11\/de-ce-blana-de-zibelina-este-scumpa.png","datePublished":"2024-11-08T16:04:17+00:00","dateModified":"2024-11-28T16:21:13+00:00","author":{"@id":"https:\/\/www.carolinadesign.ro\/blog\/#\/schema\/person\/635e2776fb5ba3fec6dd1f3affb70128"},"breadcrumb":{"@id":"https:\/\/www.carolinadesign.ro\/blog\/care-sunt-calitatile-blanii-de-zibelina-si-de-ce-este-atat-de-scumpa#breadcrumb"},"inLanguage":"ro-RO","potentialAction":[{"@type":"ReadAction","target":["https:\/\/www.carolinadesign.ro\/blog\/care-sunt-calitatile-blanii-de-zibelina-si-de-ce-este-atat-de-scumpa"]}]},{"@type":"ImageObject","inLanguage":"ro-RO","@id":"https:\/\/www.carolinadesign.ro\/blog\/care-sunt-calitatile-blanii-de-zibelina-si-de-ce-este-atat-de-scumpa#primaryimage","url":"https:\/\/www.carolinadesign.ro\/blog\/wp-content\/uploads\/2024\/11\/de-ce-blana-de-zibelina-este-scumpa.png","contentUrl":"https:\/\/www.carolinadesign.ro\/blog\/wp-content\/uploads\/2024\/11\/de-ce-blana-de-zibelina-este-scumpa.png","width":2240,"height":1260},{"@type":"BreadcrumbList","@id":"https:\/\/www.carolinadesign.ro\/blog\/care-sunt-calitatile-blanii-de-zibelina-si-de-ce-este-atat-de-scumpa#breadcrumb","itemListElement":[{"@type":"ListItem","position":1,"name":"Prima pagin\u0103","item":"https:\/\/www.carolinadesign.ro\/blog\/"},{"@type":"ListItem","position":2,"name":"Care sunt calit\u0103\u021bile bl\u0103nii de zibelin\u0103 \u0219i de ce este at\u00e2t de scump\u0103"}]},{"@type":"WebSite","@id":"https:\/\/www.carolinadesign.ro\/blog\/#website","url":"https:\/\/www.carolinadesign.ro\/blog\/","name":"Carolina Design - blog","description":"Blog despre haine de blana si piele naturala","potentialAction":[{"@type":"SearchAction","target":{"@type":"EntryPoint","urlTemplate":"https:\/\/www.carolinadesign.ro\/blog\/?s={search_term_string}"},"query-input":{"@type":"PropertyValueSpecification","valueRequired":true,"valueName":"search_term_string"}}],"inLanguage":"ro-RO"},{"@type":"Person","@id":"https:\/\/www.carolinadesign.ro\/blog\/#\/schema\/person\/635e2776fb5ba3fec6dd1f3affb70128","name":"admin","image":{"@type":"ImageObject","inLanguage":"ro-RO","@id":"https:\/\/www.carolinadesign.ro\/blog\/#\/schema\/person\/image\/","url":"https:\/\/www.carolinadesign.ro\/blog\/wp-content\/litespeed\/avatar\/b16314272a6fa66e3a6bbbaf6af08447.jpg?ver=1777458688","contentUrl":"https:\/\/www.carolinadesign.ro\/blog\/wp-content\/litespeed\/avatar\/b16314272a6fa66e3a6bbbaf6af08447.jpg?ver=1777458688","caption":"admin"},"sameAs":["https:\/\/www.carolinadesign.ro\/blog"],"url":"https:\/\/www.carolinadesign.ro\/blog\/author\/admin"}]}},"_links":{"self":[{"href":"https:\/\/www.carolinadesign.ro\/blog\/wp-json\/wp\/v2\/posts\/379","targetHints":{"allow":["GET"]}}],"collection":[{"href":"https:\/\/www.carolinadesign.ro\/blog\/wp-json\/wp\/v2\/posts"}],"about":[{"href":"https:\/\/www.carolinadesign.ro\/blog\/wp-json\/wp\/v2\/types\/post"}],"author":[{"embeddable":true,"href":"https:\/\/www.carolinadesign.ro\/blog\/wp-json\/wp\/v2\/users\/1"}],"replies":[{"embeddable":true,"href":"https:\/\/www.carolinadesign.ro\/blog\/wp-json\/wp\/v2\/comments?post=379"}],"version-history":[{"count":1,"href":"https:\/\/www.carolinadesign.ro\/blog\/wp-json\/wp\/v2\/posts\/379\/revisions"}],"predecessor-version":[{"id":381,"href":"https:\/\/www.carolinadesign.ro\/blog\/wp-json\/wp\/v2\/posts\/379\/revisions\/381"}],"wp:featuredmedia":[{"embeddable":true,"href":"https:\/\/www.carolinadesign.ro\/blog\/wp-json\/wp\/v2\/media\/380"}],"wp:attachment":[{"href":"https:\/\/www.carolinadesign.ro\/blog\/wp-json\/wp\/v2\/media?parent=379"}],"wp:term":[{"taxonomy":"category","embeddable":true,"href":"https:\/\/www.carolinadesign.ro\/blog\/wp-json\/wp\/v2\/categories?post=379"},{"taxonomy":"post_tag","embeddable":true,"href":"https:\/\/www.carolinadesign.ro\/blog\/wp-json\/wp\/v2\/tags?post=379"}],"curies":[{"name":"wp","href":"https:\/\/api.w.org\/{rel}","templated":true}]}}