{"id":178,"date":"2022-09-08T14:02:00","date_gmt":"2022-09-08T14:02:00","guid":{"rendered":"https:\/\/www.carolinadesign.ro\/blog\/?p=178"},"modified":"2024-01-10T13:13:19","modified_gmt":"2024-01-10T13:13:19","slug":"afla-cum-sa-incorporezi-articolole-de-blana","status":"publish","type":"post","link":"https:\/\/www.carolinadesign.ro\/blog\/afla-cum-sa-incorporezi-articolole-de-blana","title":{"rendered":"Cum s\u0103 \u00eencorporezi blana \u00een \u021binute atunci c\u00e2nd este cald\u00a0?"},"content":{"rendered":"\n<p>Moda a \u00eensemnat \u00eentotdeauna \u00eenc\u0103lcarea regulilor \u0219i experimentarea unor look-uri diferite. Chiar dac\u0103 asta \u00eenseamn\u0103 s\u0103 por\u021bi vara ceva ce ar trebui s\u0103 fie purtat iarna.&nbsp;&nbsp;<\/p>\n\n\n\n<p>A fi la mod\u0103 \u00eenseamn\u0103 a fi impredictibil\u0103.&nbsp;<\/p>\n\n\n\n<p>\u00cens\u0103, s\u0103 por\u021bi blan\u0103 vara sau prim\u0103vara nu \u00eenseamn\u0103 neap\u0103rat s\u0103 iei pe tine o <strong>vesta blana<\/strong> sau o <strong>haina de blana naturala<\/strong>.&nbsp;&nbsp;<\/p>\n\n\n\n<p>Am spus \u201enu neap\u0103rat\u201d. Pentru c\u0103 <strong>haina de blana<\/strong> este at\u00e2t de confortabil\u0103 \u0219i elegant\u0103, \u00eenc\u00e2t oamenii devin adesea creativi, \u0219i fac tot posibilul s\u0103 o poat\u0103 purta chiar \u0219i atunci c\u00e2nd temperaturile cresc.&nbsp;<\/p>\n\n\n\n<p>Vrei s\u0103 te remarci printre ceilal\u021bi? Atunci iat\u0103 cum po\u021bi s\u0103 \u00eencorporezi \u00een \u021binutele tale de var\u0103 un element nea\u0219teptat, care poate face ca look-ul t\u0103u s\u0103 devin\u0103 mai modern \u0219i\u2026 mai provocator.&nbsp;&nbsp;<\/p>\n\n\n\n<h2 class=\"wp-block-heading\"><strong>1.<\/strong>&nbsp;&nbsp;&nbsp;&nbsp;&nbsp; Po\u021bi purta <strong>veste de blana<\/strong>&nbsp;<\/h2>\n\n\n\n<p><a href=\"https:\/\/ro.pinterest.com\/djdj48\/luxurious-furs\">Bl\u0103nurile de lux<\/a> nu se limiteaz\u0103 nicidecum la paltoane \u0219i haine de blan\u0103.\u00a0\u00a0<\/p>\n\n\n\n<p>Iar dac\u0103 e\u0219ti o persoan\u0103 care nu apleac\u0103 urechea la ce zici al\u021bii, fii \u00eencrez\u0103toare \u0219i poart\u0103 o <a href=\"https:\/\/www.carolinadesign.ro\/vesta-de-blana-naturala-de-vizon-nurca-black-diamond-betty-v-carolina-design\" target=\"_blank\" rel=\"noreferrer noopener\">vest\u0103 de nurc\u0103<\/a>. \u0218tiu la ce te g\u00e2nde\u0219ti, s\u0103 por\u021bi o <strong>vesta blana <\/strong>vara sau prim\u0103vara este o nebunie, dar, aceasta are un design perfect, care permite circula\u021bia aerului.&nbsp;&nbsp;<\/p>\n\n\n\n<p>Vestele de blana pot fi purtate \u00een serile mai r\u0103coroase sau la birou, atunci c\u00e2nd \u00ee\u021bi dore\u0219ti \u021binute stilate. Acestea arat\u0103 foarte bine cu aproape orice alt articol de \u00eembr\u0103c\u0103minte, put\u00e2nd fi integrate cu u\u0219urin\u021b\u0103 \u00eentr-un outfit casual sau elegant. Iar \u00een ambele situa\u021bii tu vei ar\u0103ta \u00eentr-un sigur mod: spectaculos.&nbsp;&nbsp;<\/p>\n\n\n\n<h3 class=\"wp-block-heading\"><strong>2.<\/strong>&nbsp;&nbsp;&nbsp;&nbsp;&nbsp; Adaug\u0103 un pompon de <strong>blana naturala<\/strong>&nbsp;<\/h3>\n\n\n\n<p>Pentru acele dintre voi care nu ar dori s\u0103 poarte blana vara, exist\u0103 totu\u0219i modalit\u0103\u021bi de a o integra \u00een \u021binute. Adaug\u0103 un breloc dr\u0103gut cu <a href=\"https:\/\/www.carolinadesign.ro\/pompon-de-blana-naturala-de-vulpe-carolina-design\" target=\"_blank\" rel=\"noreferrer noopener\">pompon de blana naturala<\/a> la geant\u0103 sau la chei, pentru un plus de farmec \u0219i elegan\u021b\u0103. \u0218i uite a\u0219a, \u00eentr-o clipit\u0103, ai oferit chiar \u0219i celui mai plictisitor set de chei un pic de rafinament.&nbsp;&nbsp;<\/p>\n\n\n\n<h3 class=\"wp-block-heading\">3.&nbsp;&nbsp;&nbsp;&nbsp;&nbsp; Las\u0103-te \u00eembr\u0103\u021bi\u0219at\u0103 de un \u0219al de blana naturala&nbsp;<\/h3>\n\n\n\n<p>\u00cembr\u0103c\u0103mintea din blan\u0103 ofer\u0103 la fel de mult\u0103 versatilitate ca orice alt material, ceea ce \u00eenseamn\u0103 c\u0103 po\u021bi realiza \u00een mod rezonabil destul de multe look-uri distincte \u0219i elegante! \u00cen acele zile \u00een care este prea cald afar\u0103 pentru a purta o <strong>haina de blana naturala<\/strong>, dar prea rece pentru a merge cu umerii goi, po\u021bi lua \u00een considerare un <a href=\"https:\/\/www.carolinadesign.ro\/Sal-de-blana-naturala-de-vulpe-argintie-blue-frost\" target=\"_blank\" rel=\"noreferrer noopener\">\u0219al de blana naturala<\/a>.&nbsp;&nbsp;<\/p>\n\n\n\n<p>Un \u0219al de blan\u0103 \u00eenf\u0103\u0219urat \u00een jurul umerilor este ca \u0219i cum ai purta o bijuterie fabuloas\u0103.&nbsp;<\/p>\n\n\n\n<p>Dac\u0103 vrei s\u0103 vezi c\u00e2teva modele de \u0219aluri de blan\u0103 natural\u0103, d\u0103 rapid un click <a href=\"https:\/\/www.carolinadesign.ro\/accesorii-piele-blana-naturala\" target=\"_blank\" rel=\"noreferrer noopener\">aici<\/a>.&nbsp;&nbsp;<\/p>\n\n\n\n<h3 class=\"wp-block-heading\">4.&nbsp;&nbsp;&nbsp;&nbsp;&nbsp; Nu ezita s\u0103 alegi un guler de blana&nbsp;<\/h3>\n\n\n\n<p>Gulerul de calitate, realizat din blana natural\u0103 este un articol vestimentar mai popular dec\u00e2t te-ai putea g\u00e2ndi. Imaginea <a href=\"https:\/\/www.carolinadesign.ro\/guler-de-blana-naturala-de-vulpe-polara-alb-spicuit\" target=\"_blank\" rel=\"noreferrer noopener\">acestui accesoriu<\/a> evoc\u0103 senza\u021bia unui stil gra\u021bios, sofisticare atemporal\u0103 \u0219i elegan\u021b\u0103 f\u0103r\u0103 efort.&nbsp;&nbsp;<\/p>\n\n\n\n<p>Dar \u0219tii cum s\u0103-l por\u021bi corect?&nbsp;<\/p>\n\n\n\n<p>\u00cencepe prin a alege un guler care s\u0103 se potriveasc\u0103 gustului \u0219i bugetului t\u0103u. Apoi, adaug\u0103 acest accesoriu la \u021binutele tale de ie\u0219it \u00een ora\u0219 sau chiar la cele casual. Distreaz\u0103-te asociind gulerul din blan\u0103 cu o gam\u0103 larg\u0103 de articole din dulapul t\u0103u.&nbsp;<\/p>\n\n\n\n<p>\u00cenc\u0103 o idee este s\u0103 tratezi gulerul de blan\u0103 ca pe o e\u0219arf\u0103.&nbsp;&nbsp;<\/p>\n\n\n\n<p>\u00cen acest mod po\u021bi s\u0103 faci din \u201ee\u0219arfa\u201d ta punctul de atrac\u021bie al \u021binutei. Este important de re\u021binut c\u0103 acest stil func\u021bioneaz\u0103 bine dac\u0103 \u021binuta are voie s\u0103 r\u0103m\u00e2n\u0103 neutr\u0103. Ar trebui s\u0103 la\u0219i frumuse\u021bea natural\u0103 a bl\u0103nii s\u0103 str\u0103luceasc\u0103 \u00een acest outfit.&nbsp;&nbsp;<\/p>\n\n\n\n<h3 class=\"wp-block-heading\">5.&nbsp;&nbsp;&nbsp;&nbsp;&nbsp; O alt\u0103 op\u021biune: pantofi cu blana natural\u0103&nbsp;<\/h3>\n\n\n\n<p>Pantofii cu blan\u0103 natural\u0103 aplicat\u0103 pe ei \u00eentr-un fel sau altul reprezint\u0103 o modalitate exemplar\u0103 de a include blana \u00eentr-o \u021binut\u0103 \u00eentr-un mod subtil. \u00cenc\u0103l\u021b\u0103mintea cu blan\u0103, fiind una dintre cele mai simple modalit\u0103\u021bi de a purta blan\u0103, ofer\u0103, de asemenea, o mul\u021bime de op\u021biuni de integrare.&nbsp;<\/p>\n\n\n\n<p>Perechile de pantofi cu blan\u0103 sunt foarte versatile \u0219i pot fi purtate zi de zi &#8211; \u00een parc, la cin\u0103, sau pentru o ie\u0219ire \u00een ora\u0219. Acest lucru \u00ee\u021bi permite \u00een continuare s\u0103 \u00eencorporezi blana \u00een \u021binut\u0103, f\u0103r\u0103 a avea un look extravagant cu vibe de iarn\u0103.&nbsp;&nbsp;<\/p>\n\n\n\n<h3 class=\"wp-block-heading\">6.&nbsp;&nbsp;&nbsp;&nbsp;&nbsp; Gen\u021bile cu blan\u0103 pot fi purtate \u0219i vara&nbsp;<\/h3>\n\n\n\n<p>Gen\u021bile reprezint\u0103 o alternativ\u0103 de a &#8222;purta&#8221; blan\u0103 f\u0103r\u0103 a risca s\u0103 te supra\u00eenc\u0103lze\u0219ti \u00een soarele canicular al verii \u0219i, din fericire, exist\u0103 o gam\u0103 larg\u0103 de modele de gen\u021bi din care po\u021bi alege.&nbsp;&nbsp;<\/p>\n\n\n\n<p>Fie c\u0103 este vorba de un rucsac cu blan\u0103, un clutch, un bum-bag sau o geant\u0103 pe um\u0103r &#8211; exist\u0103 multe tipuri cu care te po\u021bi juca \u0219i din care po\u021bi alege pentru orice fel de deplasare \u0219i cu siguran\u021b\u0103 va ad\u0103uga o not\u0103 de farmec \u021binutei tale. Indiferent de ceea ce por\u021bi.&nbsp;<\/p>\n\n\n\n<h3 class=\"wp-block-heading\">7.&nbsp;&nbsp;&nbsp;&nbsp;&nbsp; Detaliile din blan\u0103 fac diferen\u021ba&nbsp;<\/h3>\n\n\n\n<p>Un alt mod genial de a \u00eencorpora blana este prin detalii. Acest lucru presupune s\u0103 inserezi detalii din blan\u0103 pe orice alegi s\u0103 por\u021bi, fie c\u0103 este vorba de un kimono, o rochie, un cardigan sau o p\u0103l\u0103rie.&nbsp; Detaliile de blan\u0103 \u00ee\u021bi ofer\u0103 libertatea de a explora \u0219i experimenta, permi\u021b\u00e2nd originalit\u0103\u021bii s\u0103-\u0219i urmeze cursul.&nbsp;<\/p>\n\n\n\n<h1 class=\"wp-block-heading\">Concluzie&nbsp;<\/h1>\n\n\n\n<p>Oriunde te ui\u021bi \u00een zilele noastre, vezi pe cineva plimb\u00e2ndu-se cu accesorii din blan\u0103 natural\u0103. Acestea pot fi sub form\u0103 de gulere, po\u0219ete, man\u0219ete, brelocuri, accesorii pentru p\u0103r sau pantofi. Majoritatea accesoriilor din blan\u0103 natural\u0103 se asorteaz\u0103 bine cu orice \u021binut\u0103 \u0219i o pun instantaneu \u00een valoare.&nbsp;&nbsp;<\/p>\n\n\n\n<p>Iar cea mai bun\u0103 parte este c\u0103 le po\u021bi purta \u00een orice moment al anului, f\u0103r\u0103 s\u0103 te sim\u021bi inconfortabil. A\u0219adar, dac\u0103 pentru tine este important s\u0103 fii \u0219i la mod\u0103, dar s\u0103 te sim\u021bi \u0219i confortabil, atunci descoper\u0103 aceste <a href=\"https:\/\/www.carolinadesign.ro\/accesorii-piele-blana-naturala\" target=\"_blank\" rel=\"noreferrer noopener\">accesorii Carolina Design<\/a> \u0219i vezi care te atrag cel mai mult!\u00a0<\/p>\n\n\n\n<p><\/p>\n\n\n\n<p>Citeste si: <strong><a href=\"https:\/\/www.carolinadesign.ro\/blog\/cu-ce-se-curata-hainele-de-piele-intoarsa\">Cu ce se curata hainele de piele intoarsa? Le poti face sa arate ca noi!<\/a><\/strong><\/p>\n","protected":false},"excerpt":{"rendered":"<p>Iar dac\u0103 e\u0219ti o persoan\u0103 care nu apleac\u0103 urechea la ce zici al\u021bii, fii \u00eencrez\u0103toare \u0219i poart\u0103 o vest\u0103 de nurc\u0103. \u0218tiu la ce te g\u00e2nde\u0219ti, s\u0103 por\u021bi o vesta blana vara sau prim\u0103vara este o nebunie, dar, aceasta are un design perfect, care permite circula\u021bia aerului.\u00a0\u00a0<\/p>\n","protected":false},"author":1,"featured_media":179,"comment_status":"closed","ping_status":"closed","sticky":false,"template":"","format":"standard","meta":{"footnotes":""},"categories":[1],"tags":[13,12,7,11,8,9,15,4,6,5],"class_list":["post-178","post","type-post","status-publish","format-standard","has-post-thumbnail","hentry","category-fara-categorie","tag-blanuri","tag-blog-blanuri","tag-carolina-design","tag-geaca-de-piele","tag-geci-de-piele","tag-haine-de-blana","tag-haine-de-blana-naturala","tag-haine-de-piele","tag-haine-de-piele-naturala","tag-jachete-de-piele"],"yoast_head":"<!-- This site is optimized with the Yoast SEO plugin v24.9 - https:\/\/yoast.com\/wordpress\/plugins\/seo\/ -->\n<title>Cum s\u0103 \u00eencorporezi blana \u00een \u021binute atunci c\u00e2nd este cald\u00a0? - Carolina Design - blog<\/title>\n<meta name=\"description\" content=\"Moda a \u00eensemnat \u00eentotdeauna \u00eenc\u0103lcarea regulilor \u0219i experimentarea unor look-uri diferite. Chiar dac\u0103 asta \u00eenseamn\u0103 s\u0103 por\u021bi vara ceva ce ar trebui s\u0103 fie purtat iarna.\u00a0\u00a0\" \/>\n<meta name=\"robots\" content=\"index, follow, max-snippet:-1, max-image-preview:large, max-video-preview:-1\" \/>\n<link rel=\"canonical\" href=\"https:\/\/www.carolinadesign.ro\/blog\/afla-cum-sa-incorporezi-articolole-de-blana\" \/>\n<meta property=\"og:locale\" content=\"ro_RO\" \/>\n<meta property=\"og:type\" content=\"article\" \/>\n<meta property=\"og:title\" content=\"Cum s\u0103 \u00eencorporezi blana \u00een \u021binute atunci c\u00e2nd este cald\u00a0? - Carolina Design - blog\" \/>\n<meta property=\"og:description\" content=\"Moda a \u00eensemnat \u00eentotdeauna \u00eenc\u0103lcarea regulilor \u0219i experimentarea unor look-uri diferite. Chiar dac\u0103 asta \u00eenseamn\u0103 s\u0103 por\u021bi vara ceva ce ar trebui s\u0103 fie purtat iarna.\u00a0\u00a0\" \/>\n<meta property=\"og:url\" content=\"https:\/\/www.carolinadesign.ro\/blog\/afla-cum-sa-incorporezi-articolole-de-blana\" \/>\n<meta property=\"og:site_name\" content=\"Carolina Design - blog\" \/>\n<meta property=\"article:published_time\" content=\"2022-09-08T14:02:00+00:00\" \/>\n<meta property=\"article:modified_time\" content=\"2024-01-10T13:13:19+00:00\" \/>\n<meta property=\"og:image\" content=\"https:\/\/www.carolinadesign.ro\/blog\/wp-content\/uploads\/2022\/09\/articol-blog-Cum-sa-incorporezi-blana-in-tinute-atunci-cand-este-cald-.jpg\" \/>\n\t<meta property=\"og:image:width\" content=\"980\" \/>\n\t<meta property=\"og:image:height\" content=\"530\" \/>\n\t<meta property=\"og:image:type\" content=\"image\/jpeg\" \/>\n<meta name=\"author\" content=\"admin\" \/>\n<meta name=\"twitter:card\" content=\"summary_large_image\" \/>\n<meta name=\"twitter:label1\" content=\"Scris de\" \/>\n\t<meta name=\"twitter:data1\" content=\"admin\" \/>\n\t<meta name=\"twitter:label2\" content=\"Timp estimat pentru citire\" \/>\n\t<meta name=\"twitter:data2\" content=\"6 minute\" \/>\n<script type=\"application\/ld+json\" class=\"yoast-schema-graph\">{\"@context\":\"https:\/\/schema.org\",\"@graph\":[{\"@type\":\"WebPage\",\"@id\":\"https:\/\/www.carolinadesign.ro\/blog\/afla-cum-sa-incorporezi-articolole-de-blana\",\"url\":\"https:\/\/www.carolinadesign.ro\/blog\/afla-cum-sa-incorporezi-articolole-de-blana\",\"name\":\"Cum s\u0103 \u00eencorporezi blana \u00een \u021binute atunci c\u00e2nd este cald\u00a0? - Carolina Design - blog\",\"isPartOf\":{\"@id\":\"https:\/\/www.carolinadesign.ro\/blog\/#website\"},\"primaryImageOfPage\":{\"@id\":\"https:\/\/www.carolinadesign.ro\/blog\/afla-cum-sa-incorporezi-articolole-de-blana#primaryimage\"},\"image\":{\"@id\":\"https:\/\/www.carolinadesign.ro\/blog\/afla-cum-sa-incorporezi-articolole-de-blana#primaryimage\"},\"thumbnailUrl\":\"https:\/\/www.carolinadesign.ro\/blog\/wp-content\/uploads\/2022\/09\/articol-blog-Cum-sa-incorporezi-blana-in-tinute-atunci-cand-este-cald-.jpg\",\"datePublished\":\"2022-09-08T14:02:00+00:00\",\"dateModified\":\"2024-01-10T13:13:19+00:00\",\"author\":{\"@id\":\"https:\/\/www.carolinadesign.ro\/blog\/#\/schema\/person\/635e2776fb5ba3fec6dd1f3affb70128\"},\"description\":\"Moda a \u00eensemnat \u00eentotdeauna \u00eenc\u0103lcarea regulilor \u0219i experimentarea unor look-uri diferite. Chiar dac\u0103 asta \u00eenseamn\u0103 s\u0103 por\u021bi vara ceva ce ar trebui s\u0103 fie purtat iarna.\u00a0\u00a0\",\"breadcrumb\":{\"@id\":\"https:\/\/www.carolinadesign.ro\/blog\/afla-cum-sa-incorporezi-articolole-de-blana#breadcrumb\"},\"inLanguage\":\"ro-RO\",\"potentialAction\":[{\"@type\":\"ReadAction\",\"target\":[\"https:\/\/www.carolinadesign.ro\/blog\/afla-cum-sa-incorporezi-articolole-de-blana\"]}]},{\"@type\":\"ImageObject\",\"inLanguage\":\"ro-RO\",\"@id\":\"https:\/\/www.carolinadesign.ro\/blog\/afla-cum-sa-incorporezi-articolole-de-blana#primaryimage\",\"url\":\"https:\/\/www.carolinadesign.ro\/blog\/wp-content\/uploads\/2022\/09\/articol-blog-Cum-sa-incorporezi-blana-in-tinute-atunci-cand-este-cald-.jpg\",\"contentUrl\":\"https:\/\/www.carolinadesign.ro\/blog\/wp-content\/uploads\/2022\/09\/articol-blog-Cum-sa-incorporezi-blana-in-tinute-atunci-cand-este-cald-.jpg\",\"width\":980,\"height\":530,\"caption\":\"Cum porti blana si vara?\"},{\"@type\":\"BreadcrumbList\",\"@id\":\"https:\/\/www.carolinadesign.ro\/blog\/afla-cum-sa-incorporezi-articolole-de-blana#breadcrumb\",\"itemListElement\":[{\"@type\":\"ListItem\",\"position\":1,\"name\":\"Prima pagin\u0103\",\"item\":\"https:\/\/www.carolinadesign.ro\/blog\/\"},{\"@type\":\"ListItem\",\"position\":2,\"name\":\"Cum s\u0103 \u00eencorporezi blana \u00een \u021binute atunci c\u00e2nd este cald\u00a0?\"}]},{\"@type\":\"WebSite\",\"@id\":\"https:\/\/www.carolinadesign.ro\/blog\/#website\",\"url\":\"https:\/\/www.carolinadesign.ro\/blog\/\",\"name\":\"Carolina Design - blog\",\"description\":\"Blog despre haine de blana si piele naturala\",\"potentialAction\":[{\"@type\":\"SearchAction\",\"target\":{\"@type\":\"EntryPoint\",\"urlTemplate\":\"https:\/\/www.carolinadesign.ro\/blog\/?s={search_term_string}\"},\"query-input\":{\"@type\":\"PropertyValueSpecification\",\"valueRequired\":true,\"valueName\":\"search_term_string\"}}],\"inLanguage\":\"ro-RO\"},{\"@type\":\"Person\",\"@id\":\"https:\/\/www.carolinadesign.ro\/blog\/#\/schema\/person\/635e2776fb5ba3fec6dd1f3affb70128\",\"name\":\"admin\",\"image\":{\"@type\":\"ImageObject\",\"inLanguage\":\"ro-RO\",\"@id\":\"https:\/\/www.carolinadesign.ro\/blog\/#\/schema\/person\/image\/\",\"url\":\"https:\/\/www.carolinadesign.ro\/blog\/wp-content\/litespeed\/avatar\/b16314272a6fa66e3a6bbbaf6af08447.jpg?ver=1777458688\",\"contentUrl\":\"https:\/\/www.carolinadesign.ro\/blog\/wp-content\/litespeed\/avatar\/b16314272a6fa66e3a6bbbaf6af08447.jpg?ver=1777458688\",\"caption\":\"admin\"},\"sameAs\":[\"https:\/\/www.carolinadesign.ro\/blog\"],\"url\":\"https:\/\/www.carolinadesign.ro\/blog\/author\/admin\"}]}<\/script>\n<!-- \/ Yoast SEO plugin. -->","yoast_head_json":{"title":"Cum s\u0103 \u00eencorporezi blana \u00een \u021binute atunci c\u00e2nd este cald\u00a0? - Carolina Design - blog","description":"Moda a \u00eensemnat \u00eentotdeauna \u00eenc\u0103lcarea regulilor \u0219i experimentarea unor look-uri diferite. Chiar dac\u0103 asta \u00eenseamn\u0103 s\u0103 por\u021bi vara ceva ce ar trebui s\u0103 fie purtat iarna.\u00a0\u00a0","robots":{"index":"index","follow":"follow","max-snippet":"max-snippet:-1","max-image-preview":"max-image-preview:large","max-video-preview":"max-video-preview:-1"},"canonical":"https:\/\/www.carolinadesign.ro\/blog\/afla-cum-sa-incorporezi-articolole-de-blana","og_locale":"ro_RO","og_type":"article","og_title":"Cum s\u0103 \u00eencorporezi blana \u00een \u021binute atunci c\u00e2nd este cald\u00a0? - Carolina Design - blog","og_description":"Moda a \u00eensemnat \u00eentotdeauna \u00eenc\u0103lcarea regulilor \u0219i experimentarea unor look-uri diferite. Chiar dac\u0103 asta \u00eenseamn\u0103 s\u0103 por\u021bi vara ceva ce ar trebui s\u0103 fie purtat iarna.\u00a0\u00a0","og_url":"https:\/\/www.carolinadesign.ro\/blog\/afla-cum-sa-incorporezi-articolole-de-blana","og_site_name":"Carolina Design - blog","article_published_time":"2022-09-08T14:02:00+00:00","article_modified_time":"2024-01-10T13:13:19+00:00","og_image":[{"width":980,"height":530,"url":"https:\/\/www.carolinadesign.ro\/blog\/wp-content\/uploads\/2022\/09\/articol-blog-Cum-sa-incorporezi-blana-in-tinute-atunci-cand-este-cald-.jpg","type":"image\/jpeg"}],"author":"admin","twitter_card":"summary_large_image","twitter_misc":{"Scris de":"admin","Timp estimat pentru citire":"6 minute"},"schema":{"@context":"https:\/\/schema.org","@graph":[{"@type":"WebPage","@id":"https:\/\/www.carolinadesign.ro\/blog\/afla-cum-sa-incorporezi-articolole-de-blana","url":"https:\/\/www.carolinadesign.ro\/blog\/afla-cum-sa-incorporezi-articolole-de-blana","name":"Cum s\u0103 \u00eencorporezi blana \u00een \u021binute atunci c\u00e2nd este cald\u00a0? - Carolina Design - blog","isPartOf":{"@id":"https:\/\/www.carolinadesign.ro\/blog\/#website"},"primaryImageOfPage":{"@id":"https:\/\/www.carolinadesign.ro\/blog\/afla-cum-sa-incorporezi-articolole-de-blana#primaryimage"},"image":{"@id":"https:\/\/www.carolinadesign.ro\/blog\/afla-cum-sa-incorporezi-articolole-de-blana#primaryimage"},"thumbnailUrl":"https:\/\/www.carolinadesign.ro\/blog\/wp-content\/uploads\/2022\/09\/articol-blog-Cum-sa-incorporezi-blana-in-tinute-atunci-cand-este-cald-.jpg","datePublished":"2022-09-08T14:02:00+00:00","dateModified":"2024-01-10T13:13:19+00:00","author":{"@id":"https:\/\/www.carolinadesign.ro\/blog\/#\/schema\/person\/635e2776fb5ba3fec6dd1f3affb70128"},"description":"Moda a \u00eensemnat \u00eentotdeauna \u00eenc\u0103lcarea regulilor \u0219i experimentarea unor look-uri diferite. Chiar dac\u0103 asta \u00eenseamn\u0103 s\u0103 por\u021bi vara ceva ce ar trebui s\u0103 fie purtat iarna.\u00a0\u00a0","breadcrumb":{"@id":"https:\/\/www.carolinadesign.ro\/blog\/afla-cum-sa-incorporezi-articolole-de-blana#breadcrumb"},"inLanguage":"ro-RO","potentialAction":[{"@type":"ReadAction","target":["https:\/\/www.carolinadesign.ro\/blog\/afla-cum-sa-incorporezi-articolole-de-blana"]}]},{"@type":"ImageObject","inLanguage":"ro-RO","@id":"https:\/\/www.carolinadesign.ro\/blog\/afla-cum-sa-incorporezi-articolole-de-blana#primaryimage","url":"https:\/\/www.carolinadesign.ro\/blog\/wp-content\/uploads\/2022\/09\/articol-blog-Cum-sa-incorporezi-blana-in-tinute-atunci-cand-este-cald-.jpg","contentUrl":"https:\/\/www.carolinadesign.ro\/blog\/wp-content\/uploads\/2022\/09\/articol-blog-Cum-sa-incorporezi-blana-in-tinute-atunci-cand-este-cald-.jpg","width":980,"height":530,"caption":"Cum porti blana si vara?"},{"@type":"BreadcrumbList","@id":"https:\/\/www.carolinadesign.ro\/blog\/afla-cum-sa-incorporezi-articolole-de-blana#breadcrumb","itemListElement":[{"@type":"ListItem","position":1,"name":"Prima pagin\u0103","item":"https:\/\/www.carolinadesign.ro\/blog\/"},{"@type":"ListItem","position":2,"name":"Cum s\u0103 \u00eencorporezi blana \u00een \u021binute atunci c\u00e2nd este cald\u00a0?"}]},{"@type":"WebSite","@id":"https:\/\/www.carolinadesign.ro\/blog\/#website","url":"https:\/\/www.carolinadesign.ro\/blog\/","name":"Carolina Design - blog","description":"Blog despre haine de blana si piele naturala","potentialAction":[{"@type":"SearchAction","target":{"@type":"EntryPoint","urlTemplate":"https:\/\/www.carolinadesign.ro\/blog\/?s={search_term_string}"},"query-input":{"@type":"PropertyValueSpecification","valueRequired":true,"valueName":"search_term_string"}}],"inLanguage":"ro-RO"},{"@type":"Person","@id":"https:\/\/www.carolinadesign.ro\/blog\/#\/schema\/person\/635e2776fb5ba3fec6dd1f3affb70128","name":"admin","image":{"@type":"ImageObject","inLanguage":"ro-RO","@id":"https:\/\/www.carolinadesign.ro\/blog\/#\/schema\/person\/image\/","url":"https:\/\/www.carolinadesign.ro\/blog\/wp-content\/litespeed\/avatar\/b16314272a6fa66e3a6bbbaf6af08447.jpg?ver=1777458688","contentUrl":"https:\/\/www.carolinadesign.ro\/blog\/wp-content\/litespeed\/avatar\/b16314272a6fa66e3a6bbbaf6af08447.jpg?ver=1777458688","caption":"admin"},"sameAs":["https:\/\/www.carolinadesign.ro\/blog"],"url":"https:\/\/www.carolinadesign.ro\/blog\/author\/admin"}]}},"_links":{"self":[{"href":"https:\/\/www.carolinadesign.ro\/blog\/wp-json\/wp\/v2\/posts\/178","targetHints":{"allow":["GET"]}}],"collection":[{"href":"https:\/\/www.carolinadesign.ro\/blog\/wp-json\/wp\/v2\/posts"}],"about":[{"href":"https:\/\/www.carolinadesign.ro\/blog\/wp-json\/wp\/v2\/types\/post"}],"author":[{"embeddable":true,"href":"https:\/\/www.carolinadesign.ro\/blog\/wp-json\/wp\/v2\/users\/1"}],"replies":[{"embeddable":true,"href":"https:\/\/www.carolinadesign.ro\/blog\/wp-json\/wp\/v2\/comments?post=178"}],"version-history":[{"count":1,"href":"https:\/\/www.carolinadesign.ro\/blog\/wp-json\/wp\/v2\/posts\/178\/revisions"}],"predecessor-version":[{"id":180,"href":"https:\/\/www.carolinadesign.ro\/blog\/wp-json\/wp\/v2\/posts\/178\/revisions\/180"}],"wp:featuredmedia":[{"embeddable":true,"href":"https:\/\/www.carolinadesign.ro\/blog\/wp-json\/wp\/v2\/media\/179"}],"wp:attachment":[{"href":"https:\/\/www.carolinadesign.ro\/blog\/wp-json\/wp\/v2\/media?parent=178"}],"wp:term":[{"taxonomy":"category","embeddable":true,"href":"https:\/\/www.carolinadesign.ro\/blog\/wp-json\/wp\/v2\/categories?post=178"},{"taxonomy":"post_tag","embeddable":true,"href":"https:\/\/www.carolinadesign.ro\/blog\/wp-json\/wp\/v2\/tags?post=178"}],"curies":[{"name":"wp","href":"https:\/\/api.w.org\/{rel}","templated":true}]}}